{"id":4883,"date":"2015-11-25T10:21:40","date_gmt":"2015-11-25T09:21:40","guid":{"rendered":"http:\/\/www.4webs.es\/blog\/?p=4883"},"modified":"2022-05-16T15:09:51","modified_gmt":"2022-05-16T14:09:51","slug":"que-es-el-black-friday-origenes-historia-y-actualidad-del-viernes-negro","status":"publish","type":"post","link":"https:\/\/www.4webs.es\/blog\/que-es-el-black-friday-origenes-historia-y-actualidad-del-viernes-negro","title":{"rendered":"\u00bfQu\u00e9 es el Black Friday?: or\u00edgenes, historia y actualidad del \u201cviernes negro\u201d"},"content":{"rendered":"<div class=\"row\"><div class=\"col-md-11 content-article\"><p>Poco a poco vamos implantando el <strong>Black Friday en Espa\u00f1<\/strong>a. Se prev\u00e9 que <strong>este viernes 27 de noviembre marque un record de ventas a nivel nacional<\/strong>. Es una fecha muy especial que todos los comercios, tanto f\u00edsicos como tiendas online, deben aprovechar.<\/p>\n<p>La temporada navide\u00f1a se abre oficialmente con el Black Friday. Muchos compradores utilizan este d\u00eda para adelantar muchas compras de Navidad, aprovechando el buen n\u00famero de <strong>ofertas en grandes superficies comerciales<\/strong>. Pero gracias al progreso del comercio electr\u00f3nico tambi\u00e9n es una fecha con un marcado car\u00e1cter \u201conline\u201d. Ya no es necesario acercarse a un centro comercial para comprar, y los e-commerce deben explotar el Black Friday para apuntalar sus balances anuales.<\/p>\n<h2>Origen e historia del Black Friday<\/h2>\n<p>La cultura del consumo nace en Estados Unidos y esta fecha est\u00e1 asociada a una festividad anglosajona. Hablamos del D\u00eda de Acci\u00f3n de Gracias que muchos conocemos de las pel\u00edculas estadounidenses. Se trata de una tradici\u00f3n relacionada con los festivales de la cosecha. Las familias se reun\u00edan para agradecer el final de las cosechas agr\u00edcolas.<\/p>\n<p>Hoy en d\u00eda, se trata de <strong>una de las fiestas m\u00e1s populares en Estados Unidos y Canad\u00e1 y que suele juntar a todo la familia alrededor de la mesa el cuarto jueves de noviembre<\/strong>. Se da la circunstancia de que fue una resoluci\u00f3n del Congreso de los Estados Unidos el que fij\u00f3 definitivamente esta fecha para evitar que cayera en 30 de noviembre y as\u00ed dejando poco tiempo para hacer las compras, una prueba m\u00e1s de que en Estados Unidos se toman muy en serio la cultura de consumo.<\/p>\n<p>Y a partir de aqu\u00ed surge el denominado \u201c<strong>Viernes Negro<\/strong>\u201d. Se trata del <strong>d\u00eda en el que se inician las compras navide\u00f1as y que es inmediatamente posterior al D\u00eda de Acci\u00f3n de Gracias norteamericano<\/strong>. Pero a pesar de la tradici\u00f3n de esta festividad <strong>cuyo origen estar\u00eda a finales del siglo XVI<\/strong>, el viernes negro no comienza a popularizarse hasta finales de los a\u00f1os 90 del pasado siglo, siendo el 2001 el primer a\u00f1o de record.<\/p>\n<p>&nbsp;<\/p>\n<p>\u00bfY por qu\u00e9 negro? Con respecto a este adjetivo existen varias teor\u00edas. Por un lado, <strong>se relaciona con el caos circulatorio que se produce el d\u00eda despu\u00e9s de la fiesta<\/strong>. Pero su car\u00e1cter peyorativo ha perdido fuerza a favor de otra teor\u00eda. El <a href=\"https:\/\/es.wikipedia.org\/wiki\/Viernes_negro_(compras)\">Black Friday<\/a> ser\u00eda el d\u00eda en el que los comercios cambian sus cuentas de rojas a negras, resaltando el fuerte volumen de ventas que se produce a partir del cuarto viernes de noviembre.<\/p>\n<p>En los \u00faltimos a\u00f1os, y gracias al auge del comercio electr\u00f3nico y de algunas grandes firmas como <strong><a href=\"https:\/\/www.amazon.es\/\">Amazon<\/a>, <a href=\"http:\/\/www.zonadepadel.es\/44-black-friday-padel\">Zona de Padel<\/a>, el Black Friday se ha popularizado en el resto del mundo<\/strong>. Se dice que desde 2005, el cuarto viernes de noviembre es el d\u00eda que se registran mayores ventas a nivel mundial.<\/p>\n<h2>El Black Friday en la actualidad<\/h2>\n<p>Al igual que la Navidad, el Black Friday busca dejar de ser un solo d\u00eda de compras para extenderse a varias fechas. De hecho, son varias las cadenas comerciales que extienden sus ofertas desde principios de semana hasta el lunes siguiente.<\/p>\n<p>Este <strong>lunes que marca el final del Black Friday tambi\u00e9n tiene nombre<\/strong>: el <strong>Cyber Monday<\/strong>, otro d\u00eda de rebajas pero ya solo asociado al comercio electr\u00f3nico.<\/p>\n<p>Las perspectivas para este viernes 27 de noviembre anuncian que ser\u00e1 un d\u00eda hist\u00f3rico. Seg\u00fan la consultora GFK, un <strong>21% m\u00e1s de compradores<\/strong> se mostrar\u00e1n activos durante este Back Friday. El <strong>61% de la poblaci\u00f3n comprar\u00e1 moda y ropa<\/strong> y el 43% electrodom\u00e9sticos, imagen, sonido y otros aparatos electr\u00f3nicos.<\/p>\n<p>\u00bfY por qu\u00e9 tiene tanto \u00e9xito el Black Friday? En Europa la fecha no tiene nada que ver con una festividad previa, como en Estados Unidos, pero se trata de un momento ideal para comprar por varias razones. La m\u00e1s importante es la <strong>gran cantidad de ofertas y descuentos existentes<\/strong>, tanto en grandes superficies como a trav\u00e9s de internet. Por otro lado, cada vez son m\u00e1s los compradores que quieren evitar las aglomeraciones y las prisas del shopping de \u00faltima ahora, cuando ya se acerca la Navidad.<\/p>\n<p>Y no nos podemos olvidar del miedo al fin de stock, debido precisamente a un exceso de previsi\u00f3n por parte de los consumidores.<\/p>\n<h2>Los e-commerce deben aprovechar estas fechas<\/h2>\n<p>Con estos datos en la mano, entendemos que cualquier comercio electr\u00f3nico debe tratar de explotar estas fechas. El usuario de la red buscar\u00e1 ofertas y descuentos en muchos sectores y las tiendas online deben estar actualizadas y preparadas para satisfacer la demanda de los consumidores.<\/p>\n<p>El <strong>Black Friday marca el pistoletazo de salida<\/strong> de un periodo fundamental para todos los e-commerce. En nuestra mano est\u00e1 terminar el a\u00f1o \u201cen negro\u201d\u2026<\/p>\n<\/div><\/div>","protected":false},"excerpt":{"rendered":"<p>Poco a poco vamos implantando el Black Friday en Espa\u00f1a. Se prev\u00e9 que este viernes 27 de noviembre marque un record de ventas a nivel nacional.<\/p>\n","protected":false},"author":1,"featured_media":0,"comment_status":"open","ping_status":"open","sticky":false,"template":"","format":"standard","meta":{"footnotes":""},"categories":[4],"tags":[],"class_list":{"0":"post-4883","1":"post","2":"type-post","3":"status-publish","4":"format-standard","6":"category-tiendas-online"},"yoast_head":"<!-- This site is optimized with the Yoast SEO plugin v27.5 - https:\/\/yoast.com\/product\/yoast-seo-wordpress\/ -->\n<title>\u00bfQu\u00e9 es el Black Friday?: or\u00edgenes, historia y actualidad del \u201cviernes negro\u201d | 4webs.es<\/title>\n<meta name=\"description\" content=\"Poco a poco vamos implantando el Black Friday en Espa\u00f1a. Se prev\u00e9 que este viernes 27 de noviembre marque un record de ventas a nivel nacional.\" \/>\n<meta name=\"robots\" content=\"index, follow, max-snippet:-1, max-image-preview:large, max-video-preview:-1\" \/>\n<link rel=\"canonical\" href=\"https:\/\/www.4webs.es\/blog\/que-es-el-black-friday-origenes-historia-y-actualidad-del-viernes-negro\" \/>\n<meta property=\"og:locale\" content=\"es_ES\" \/>\n<meta property=\"og:type\" content=\"article\" \/>\n<meta property=\"og:title\" content=\"\u00bfQu\u00e9 es el Black Friday?: or\u00edgenes, historia y actualidad del \u201cviernes negro\u201d | 4webs.es\" \/>\n<meta property=\"og:description\" content=\"Poco a poco vamos implantando el Black Friday en Espa\u00f1a. Se prev\u00e9 que este viernes 27 de noviembre marque un record de ventas a nivel nacional.\" \/>\n<meta property=\"og:url\" content=\"https:\/\/www.4webs.es\/blog\/que-es-el-black-friday-origenes-historia-y-actualidad-del-viernes-negro\" \/>\n<meta property=\"og:site_name\" content=\"4webs\" \/>\n<meta property=\"article:publisher\" content=\"https:\/\/www.facebook.com\/4webs\" \/>\n<meta property=\"article:published_time\" content=\"2015-11-25T09:21:40+00:00\" \/>\n<meta property=\"article:modified_time\" content=\"2022-05-16T14:09:51+00:00\" \/>\n<meta name=\"author\" content=\"Pablo Risue\u00f1o\" \/>\n<meta name=\"twitter:card\" content=\"summary_large_image\" \/>\n<meta name=\"twitter:creator\" content=\"@4webs\" \/>\n<meta name=\"twitter:site\" content=\"@4webs\" \/>\n<meta name=\"twitter:label1\" content=\"Escrito por\" \/>\n\t<meta name=\"twitter:data1\" content=\"Pablo Risue\u00f1o\" \/>\n\t<meta name=\"twitter:label2\" content=\"Tiempo de lectura\" \/>\n\t<meta name=\"twitter:data2\" content=\"4 minutos\" \/>\n<script type=\"application\/ld+json\" class=\"yoast-schema-graph\">{\"@context\":\"https:\\\/\\\/schema.org\",\"@graph\":[{\"@type\":\"Article\",\"@id\":\"https:\\\/\\\/www.4webs.es\\\/blog\\\/que-es-el-black-friday-origenes-historia-y-actualidad-del-viernes-negro#article\",\"isPartOf\":{\"@id\":\"https:\\\/\\\/www.4webs.es\\\/blog\\\/que-es-el-black-friday-origenes-historia-y-actualidad-del-viernes-negro\"},\"author\":{\"name\":\"Pablo Risue\u00f1o\",\"@id\":\"https:\\\/\\\/www.4webs.es\\\/blog\\\/#\\\/schema\\\/person\\\/fc07e8cecb1e51ce56b131a1eb0b3048\"},\"headline\":\"\u00bfQu\u00e9 es el Black Friday?: or\u00edgenes, historia y actualidad del \u201cviernes negro\u201d\",\"datePublished\":\"2015-11-25T09:21:40+00:00\",\"dateModified\":\"2022-05-16T14:09:51+00:00\",\"mainEntityOfPage\":{\"@id\":\"https:\\\/\\\/www.4webs.es\\\/blog\\\/que-es-el-black-friday-origenes-historia-y-actualidad-del-viernes-negro\"},\"wordCount\":834,\"commentCount\":0,\"articleSection\":[\"E-commerce\"],\"inLanguage\":\"es\",\"potentialAction\":[{\"@type\":\"CommentAction\",\"name\":\"Comment\",\"target\":[\"https:\\\/\\\/www.4webs.es\\\/blog\\\/que-es-el-black-friday-origenes-historia-y-actualidad-del-viernes-negro#respond\"]}]},{\"@type\":\"WebPage\",\"@id\":\"https:\\\/\\\/www.4webs.es\\\/blog\\\/que-es-el-black-friday-origenes-historia-y-actualidad-del-viernes-negro\",\"url\":\"https:\\\/\\\/www.4webs.es\\\/blog\\\/que-es-el-black-friday-origenes-historia-y-actualidad-del-viernes-negro\",\"name\":\"\u00bfQu\u00e9 es el Black Friday?: or\u00edgenes, historia y actualidad del \u201cviernes negro\u201d | 4webs.es\",\"isPartOf\":{\"@id\":\"https:\\\/\\\/www.4webs.es\\\/blog\\\/#website\"},\"datePublished\":\"2015-11-25T09:21:40+00:00\",\"dateModified\":\"2022-05-16T14:09:51+00:00\",\"author\":{\"@id\":\"https:\\\/\\\/www.4webs.es\\\/blog\\\/#\\\/schema\\\/person\\\/fc07e8cecb1e51ce56b131a1eb0b3048\"},\"description\":\"Poco a poco vamos implantando el Black Friday en Espa\u00f1a. Se prev\u00e9 que este viernes 27 de noviembre marque un record de ventas a nivel nacional.\",\"breadcrumb\":{\"@id\":\"https:\\\/\\\/www.4webs.es\\\/blog\\\/que-es-el-black-friday-origenes-historia-y-actualidad-del-viernes-negro#breadcrumb\"},\"inLanguage\":\"es\",\"potentialAction\":[{\"@type\":\"ReadAction\",\"target\":[\"https:\\\/\\\/www.4webs.es\\\/blog\\\/que-es-el-black-friday-origenes-historia-y-actualidad-del-viernes-negro\"]}]},{\"@type\":\"BreadcrumbList\",\"@id\":\"https:\\\/\\\/www.4webs.es\\\/blog\\\/que-es-el-black-friday-origenes-historia-y-actualidad-del-viernes-negro#breadcrumb\",\"itemListElement\":[{\"@type\":\"ListItem\",\"position\":1,\"name\":\"Home\",\"item\":\"https:\\\/\\\/www.4webs.es\\\/blog\"},{\"@type\":\"ListItem\",\"position\":2,\"name\":\"\u00bfQu\u00e9 es el Black Friday?: or\u00edgenes, historia y actualidad del \u201cviernes negro\u201d\"}]},{\"@type\":\"WebSite\",\"@id\":\"https:\\\/\\\/www.4webs.es\\\/blog\\\/#website\",\"url\":\"https:\\\/\\\/www.4webs.es\\\/blog\\\/\",\"name\":\"4webs\",\"description\":\"Desarrollo con Prestashop, gesti\u00f3n de proyectos ecommerce\",\"potentialAction\":[{\"@type\":\"SearchAction\",\"target\":{\"@type\":\"EntryPoint\",\"urlTemplate\":\"https:\\\/\\\/www.4webs.es\\\/blog\\\/?s={search_term_string}\"},\"query-input\":{\"@type\":\"PropertyValueSpecification\",\"valueRequired\":true,\"valueName\":\"search_term_string\"}}],\"inLanguage\":\"es\"},{\"@type\":\"Person\",\"@id\":\"https:\\\/\\\/www.4webs.es\\\/blog\\\/#\\\/schema\\\/person\\\/fc07e8cecb1e51ce56b131a1eb0b3048\",\"name\":\"Pablo Risue\u00f1o\",\"image\":{\"@type\":\"ImageObject\",\"inLanguage\":\"es\",\"@id\":\"https:\\\/\\\/secure.gravatar.com\\\/avatar\\\/6938f7637a533914c144759f6249310d5f8fdef83738a4641b2d151a17c19f97?s=96&d=mm&r=g\",\"url\":\"https:\\\/\\\/secure.gravatar.com\\\/avatar\\\/6938f7637a533914c144759f6249310d5f8fdef83738a4641b2d151a17c19f97?s=96&d=mm&r=g\",\"contentUrl\":\"https:\\\/\\\/secure.gravatar.com\\\/avatar\\\/6938f7637a533914c144759f6249310d5f8fdef83738a4641b2d151a17c19f97?s=96&d=mm&r=g\",\"caption\":\"Pablo Risue\u00f1o\"},\"sameAs\":[\"http:\\\/\\\/www.4webs.es\"],\"url\":\"https:\\\/\\\/www.4webs.es\\\/blog\\\/author\\\/admin\"}]}<\/script>\n<!-- \/ Yoast SEO plugin. -->","yoast_head_json":{"title":"\u00bfQu\u00e9 es el Black Friday?: or\u00edgenes, historia y actualidad del \u201cviernes negro\u201d | 4webs.es","description":"Poco a poco vamos implantando el Black Friday en Espa\u00f1a. Se prev\u00e9 que este viernes 27 de noviembre marque un record de ventas a nivel nacional.","robots":{"index":"index","follow":"follow","max-snippet":"max-snippet:-1","max-image-preview":"max-image-preview:large","max-video-preview":"max-video-preview:-1"},"canonical":"https:\/\/www.4webs.es\/blog\/que-es-el-black-friday-origenes-historia-y-actualidad-del-viernes-negro","og_locale":"es_ES","og_type":"article","og_title":"\u00bfQu\u00e9 es el Black Friday?: or\u00edgenes, historia y actualidad del \u201cviernes negro\u201d | 4webs.es","og_description":"Poco a poco vamos implantando el Black Friday en Espa\u00f1a. Se prev\u00e9 que este viernes 27 de noviembre marque un record de ventas a nivel nacional.","og_url":"https:\/\/www.4webs.es\/blog\/que-es-el-black-friday-origenes-historia-y-actualidad-del-viernes-negro","og_site_name":"4webs","article_publisher":"https:\/\/www.facebook.com\/4webs","article_published_time":"2015-11-25T09:21:40+00:00","article_modified_time":"2022-05-16T14:09:51+00:00","author":"Pablo Risue\u00f1o","twitter_card":"summary_large_image","twitter_creator":"@4webs","twitter_site":"@4webs","twitter_misc":{"Escrito por":"Pablo Risue\u00f1o","Tiempo de lectura":"4 minutos"},"schema":{"@context":"https:\/\/schema.org","@graph":[{"@type":"Article","@id":"https:\/\/www.4webs.es\/blog\/que-es-el-black-friday-origenes-historia-y-actualidad-del-viernes-negro#article","isPartOf":{"@id":"https:\/\/www.4webs.es\/blog\/que-es-el-black-friday-origenes-historia-y-actualidad-del-viernes-negro"},"author":{"name":"Pablo Risue\u00f1o","@id":"https:\/\/www.4webs.es\/blog\/#\/schema\/person\/fc07e8cecb1e51ce56b131a1eb0b3048"},"headline":"\u00bfQu\u00e9 es el Black Friday?: or\u00edgenes, historia y actualidad del \u201cviernes negro\u201d","datePublished":"2015-11-25T09:21:40+00:00","dateModified":"2022-05-16T14:09:51+00:00","mainEntityOfPage":{"@id":"https:\/\/www.4webs.es\/blog\/que-es-el-black-friday-origenes-historia-y-actualidad-del-viernes-negro"},"wordCount":834,"commentCount":0,"articleSection":["E-commerce"],"inLanguage":"es","potentialAction":[{"@type":"CommentAction","name":"Comment","target":["https:\/\/www.4webs.es\/blog\/que-es-el-black-friday-origenes-historia-y-actualidad-del-viernes-negro#respond"]}]},{"@type":"WebPage","@id":"https:\/\/www.4webs.es\/blog\/que-es-el-black-friday-origenes-historia-y-actualidad-del-viernes-negro","url":"https:\/\/www.4webs.es\/blog\/que-es-el-black-friday-origenes-historia-y-actualidad-del-viernes-negro","name":"\u00bfQu\u00e9 es el Black Friday?: or\u00edgenes, historia y actualidad del \u201cviernes negro\u201d | 4webs.es","isPartOf":{"@id":"https:\/\/www.4webs.es\/blog\/#website"},"datePublished":"2015-11-25T09:21:40+00:00","dateModified":"2022-05-16T14:09:51+00:00","author":{"@id":"https:\/\/www.4webs.es\/blog\/#\/schema\/person\/fc07e8cecb1e51ce56b131a1eb0b3048"},"description":"Poco a poco vamos implantando el Black Friday en Espa\u00f1a. Se prev\u00e9 que este viernes 27 de noviembre marque un record de ventas a nivel nacional.","breadcrumb":{"@id":"https:\/\/www.4webs.es\/blog\/que-es-el-black-friday-origenes-historia-y-actualidad-del-viernes-negro#breadcrumb"},"inLanguage":"es","potentialAction":[{"@type":"ReadAction","target":["https:\/\/www.4webs.es\/blog\/que-es-el-black-friday-origenes-historia-y-actualidad-del-viernes-negro"]}]},{"@type":"BreadcrumbList","@id":"https:\/\/www.4webs.es\/blog\/que-es-el-black-friday-origenes-historia-y-actualidad-del-viernes-negro#breadcrumb","itemListElement":[{"@type":"ListItem","position":1,"name":"Home","item":"https:\/\/www.4webs.es\/blog"},{"@type":"ListItem","position":2,"name":"\u00bfQu\u00e9 es el Black Friday?: or\u00edgenes, historia y actualidad del \u201cviernes negro\u201d"}]},{"@type":"WebSite","@id":"https:\/\/www.4webs.es\/blog\/#website","url":"https:\/\/www.4webs.es\/blog\/","name":"4webs","description":"Desarrollo con Prestashop, gesti\u00f3n de proyectos ecommerce","potentialAction":[{"@type":"SearchAction","target":{"@type":"EntryPoint","urlTemplate":"https:\/\/www.4webs.es\/blog\/?s={search_term_string}"},"query-input":{"@type":"PropertyValueSpecification","valueRequired":true,"valueName":"search_term_string"}}],"inLanguage":"es"},{"@type":"Person","@id":"https:\/\/www.4webs.es\/blog\/#\/schema\/person\/fc07e8cecb1e51ce56b131a1eb0b3048","name":"Pablo Risue\u00f1o","image":{"@type":"ImageObject","inLanguage":"es","@id":"https:\/\/secure.gravatar.com\/avatar\/6938f7637a533914c144759f6249310d5f8fdef83738a4641b2d151a17c19f97?s=96&d=mm&r=g","url":"https:\/\/secure.gravatar.com\/avatar\/6938f7637a533914c144759f6249310d5f8fdef83738a4641b2d151a17c19f97?s=96&d=mm&r=g","contentUrl":"https:\/\/secure.gravatar.com\/avatar\/6938f7637a533914c144759f6249310d5f8fdef83738a4641b2d151a17c19f97?s=96&d=mm&r=g","caption":"Pablo Risue\u00f1o"},"sameAs":["http:\/\/www.4webs.es"],"url":"https:\/\/www.4webs.es\/blog\/author\/admin"}]}},"_links":{"self":[{"href":"https:\/\/www.4webs.es\/blog\/wp-json\/wp\/v2\/posts\/4883","targetHints":{"allow":["GET"]}}],"collection":[{"href":"https:\/\/www.4webs.es\/blog\/wp-json\/wp\/v2\/posts"}],"about":[{"href":"https:\/\/www.4webs.es\/blog\/wp-json\/wp\/v2\/types\/post"}],"author":[{"embeddable":true,"href":"https:\/\/www.4webs.es\/blog\/wp-json\/wp\/v2\/users\/1"}],"replies":[{"embeddable":true,"href":"https:\/\/www.4webs.es\/blog\/wp-json\/wp\/v2\/comments?post=4883"}],"version-history":[{"count":5,"href":"https:\/\/www.4webs.es\/blog\/wp-json\/wp\/v2\/posts\/4883\/revisions"}],"predecessor-version":[{"id":12095,"href":"https:\/\/www.4webs.es\/blog\/wp-json\/wp\/v2\/posts\/4883\/revisions\/12095"}],"wp:attachment":[{"href":"https:\/\/www.4webs.es\/blog\/wp-json\/wp\/v2\/media?parent=4883"}],"wp:term":[{"taxonomy":"category","embeddable":true,"href":"https:\/\/www.4webs.es\/blog\/wp-json\/wp\/v2\/categories?post=4883"},{"taxonomy":"post_tag","embeddable":true,"href":"https:\/\/www.4webs.es\/blog\/wp-json\/wp\/v2\/tags?post=4883"}],"curies":[{"name":"wp","href":"https:\/\/api.w.org\/{rel}","templated":true}]}}